{"id":658,"date":"2018-05-01T12:16:55","date_gmt":"2018-05-01T11:16:55","guid":{"rendered":"https:\/\/www.ungstein21.de\/?p=658"},"modified":"2018-05-24T21:12:00","modified_gmt":"2018-05-24T20:12:00","slug":"begehung-naturschutzgebiet-felsenberg-berntal","status":"publish","type":"post","link":"https:\/\/www.ungstein21.de\/?p=658","title":{"rendered":"Begehung Naturschutzgebiet Felsenberg-Berntal"},"content":{"rendered":"<p>Nach dem informativen Vortrag von Herrn Dieter Raudszus auf der Mitgliederversammlung (<a href=\"https:\/\/www.ungstein21.de\/?page_id=63\">Folien<\/a>) haben wir am 13.04.2018 zusammen eine Begehung des Naturschutzgebietes gemacht.<\/p>\n<p>Das Naturschutzgebiet wurde in seiner erstmaligen Ausweisung\u00a0durch die damals vorhandenen Stra\u00dfen definiert.\u00a0Daher reicht es im Osten an die jetzige B271 zwischen Herxheim und Kallstadt heran. Hier findet jedoch eine ganz normale Nutzung durch Weinbau statt, eine besonders sch\u00fctzenswerte Flora und Fauna findet sich hier nicht. Nur durch diesen Teil wird der Neubau der B271Neu f\u00fchren.<\/p>\n<div id=\"attachment_661\" style=\"width: 548px\" class=\"wp-caption alignnone\"><img loading=\"lazy\" decoding=\"async\" aria-describedby=\"caption-attachment-661\" class=\"wp-image-661\" src=\"https:\/\/www.ungstein21.de\/wp-content\/uploads\/2018\/05\/IMG_2794.jpg\" alt=\"\" width=\"538\" height=\"407\" \/><p id=\"caption-attachment-661\" class=\"wp-caption-text\">Blick auf den Teil des Naturschutzgebietes durch den die Trasse der B271Neu f\u00fchren wird<\/p><\/div>\n<p>Auch wurde in der Ausweisung des Naturschutzgebietes bereits der Bau der B271Neu ber\u00fccksichtigt. Hier ist in \u00a75 Abs. 4 der Rechtsverordnung ausgef\u00fchrt, dass die\u00a0Schutzbestimmungen\u00a0nicht anzuwenden sind\u00a0auf Handlungen oder Ma\u00dfnahmen, die zum Bau und Betrieb der neuen B271 erforderlich sind!<\/p>\n<p><img loading=\"lazy\" decoding=\"async\" class=\"wp-image-659 alignnone\" src=\"https:\/\/www.ungstein21.de\/wp-content\/uploads\/2018\/05\/NSG-Felsenberg-Berntal.jpg\" alt=\"\" width=\"519\" height=\"299\" \/><\/p>\n<p>Die besonders interessanten Bereiche (hellgr\u00fcn) befinden sich weiter westlich der geplanten Trassenf\u00fchrung. Hier wird bereits heute durch Outdooraktivit\u00e4ten und Fu\u00dfg\u00e4nger der Aussengastronomie eine erhebliche Beeintr\u00e4chtigung verursacht. Der Schutz in diesem Bereich m\u00fcsste verbessert werden.<\/p>\n<p><img loading=\"lazy\" decoding=\"async\" class=\"alignleft wp-image-660\" src=\"https:\/\/www.ungstein21.de\/wp-content\/uploads\/2018\/05\/IMG_2798.jpg\" alt=\"\" width=\"219\" height=\"167\" \/><\/p>\n<p>Auch haben wir die Lage der Karsth\u00f6hle (auf dem Bild ist der verschlossene Eingang zu sehen) besichtigt, die sowohl au\u00dferhalb des Naturschutzgebietes als auch des geplanten Trassenverlaufs liegt und daher keine Beeintr\u00e4chtigung erf\u00e4hrt.<\/p>\n<p>&nbsp;<\/p>\n<p>Insgesamt war es eine sehr interessante Begehung, die uns viele Informationen zum Thema gebracht hat.\u00a0 Daf\u00fcr bedanken wir uns bei Dieter Raudszus nochmal ganz herzlich!<\/p>\n","protected":false},"excerpt":{"rendered":"<p>Nach dem informativen Vortrag von Herrn Dieter Raudszus auf der Mitgliederversammlung (Folien) haben wir am 13.04.2018 zusammen eine Begehung des Naturschutzgebietes gemacht. Das Naturschutzgebiet wurde in seiner erstmaligen Ausweisung\u00a0durch die damals vorhandenen Stra\u00dfen definiert.\u00a0Daher reicht es im Osten an die &hellip; <a href=\"https:\/\/www.ungstein21.de\/?p=658\">Weiterlesen <span class=\"meta-nav\">&rarr;<\/span><\/a><\/p>\n","protected":false},"author":4,"featured_media":0,"comment_status":"closed","ping_status":"closed","sticky":false,"template":"","format":"standard","meta":{"footnotes":""},"categories":[1],"tags":[9,40,41,39],"class_list":["post-658","post","type-post","status-publish","format-standard","hentry","category-allgemein","tag-b271neu","tag-berntal","tag-felsenberg","tag-naturschutzgebiet"],"_links":{"self":[{"href":"https:\/\/www.ungstein21.de\/index.php?rest_route=\/wp\/v2\/posts\/658","targetHints":{"allow":["GET"]}}],"collection":[{"href":"https:\/\/www.ungstein21.de\/index.php?rest_route=\/wp\/v2\/posts"}],"about":[{"href":"https:\/\/www.ungstein21.de\/index.php?rest_route=\/wp\/v2\/types\/post"}],"author":[{"embeddable":true,"href":"https:\/\/www.ungstein21.de\/index.php?rest_route=\/wp\/v2\/users\/4"}],"replies":[{"embeddable":true,"href":"https:\/\/www.ungstein21.de\/index.php?rest_route=%2Fwp%2Fv2%2Fcomments&post=658"}],"version-history":[{"count":7,"href":"https:\/\/www.ungstein21.de\/index.php?rest_route=\/wp\/v2\/posts\/658\/revisions"}],"predecessor-version":[{"id":670,"href":"https:\/\/www.ungstein21.de\/index.php?rest_route=\/wp\/v2\/posts\/658\/revisions\/670"}],"wp:attachment":[{"href":"https:\/\/www.ungstein21.de\/index.php?rest_route=%2Fwp%2Fv2%2Fmedia&parent=658"}],"wp:term":[{"taxonomy":"category","embeddable":true,"href":"https:\/\/www.ungstein21.de\/index.php?rest_route=%2Fwp%2Fv2%2Fcategories&post=658"},{"taxonomy":"post_tag","embeddable":true,"href":"https:\/\/www.ungstein21.de\/index.php?rest_route=%2Fwp%2Fv2%2Ftags&post=658"}],"curies":[{"name":"wp","href":"https:\/\/api.w.org\/{rel}","templated":true}]}}